{"id":10880,"date":"2024-05-24T16:35:12","date_gmt":"2024-05-24T14:35:12","guid":{"rendered":"https:\/\/www.oknoplast.it\/blog\/?p=10880"},"modified":"2024-06-05T14:14:36","modified_gmt":"2024-06-05T12:14:36","slug":"arredare-la-veranda-idee-per-uno-spazio-accogliente-tutto-lanno","status":"publish","type":"post","link":"https:\/\/www.oknoplast.it\/blog\/arredare-la-veranda-idee-per-uno-spazio-accogliente-tutto-lanno\/","title":{"rendered":"Arredare la veranda: idee per uno spazio accogliente tutto l\u2019anno"},"content":{"rendered":"\n<p>Avere una veranda a disposizione, chiusa o aperta, piccola o grande, \u00e8 una vera fortuna, poich\u00e9 rappresenta uno spazio intimo e accogliente dove rilassarsi e fuggire dalla frenesia di tutti i giorni. Anche se la veranda \u00e8 di ridotte dimensioni, non importa, perch\u00e9, grazie ai giusti accorgimenti, \u00e8 sfruttabile in ogni periodo dell\u2019anno, soprattutto se si scelgono gli<a href=\"https:\/\/www.oknoplast.it\/?_gl=1*15o0vjr*_up*MQ..&amp;gclid=CjwKCAjw26KxBhBDEiwAu6KXt5lRpATfKaB4HteMcC-vY9fdRzz0h1QzbkU_CnMvCRIja2paD7jlGhoCj3oQAvD_BwE\"> <strong>ottimi infissi Oknoplast<\/strong><\/a> per delimitare il perimetro della veranda. In questo articolo scopriamo insieme quali sono gli aspetti da considerare in fase di progettazione e vedremo alcune <strong>idee utili per arredare al meglio la veranda<\/strong>, trasformandola non solo in una zona esteticamente piacevole, ma anche funzionale.<\/p>\n\n\n\n<ul>\n<li><a href=\"#primo\"><strong>Arredare una veranda: quali aspetti considerare<\/strong><\/a><\/li>\n<li><a href=\"#secondo\"><strong>Idee per arredare una veranda in base al suo utilizzo<\/strong><\/a><\/li>\n<li><a href=\"#terzo\"><strong>Arredare una veranda chiusa con gli infissi Oknoplast<\/strong><\/a><\/li>\n<\/ul>\n\n\n\n<!--HubSpot Call-to-Action Code --><span class=\"hs-cta-wrapper\" id=\"hs-cta-wrapper-3907e7b6-58df-46ee-98b8-1755fc649a35\"><span class=\"hs-cta-node hs-cta-3907e7b6-58df-46ee-98b8-1755fc649a35\" id=\"hs-cta-3907e7b6-58df-46ee-98b8-1755fc649a35\"><!--[if lte IE 8]><div id=\"hs-cta-ie-element\"><\/div><![endif]--><a href=\"https:\/\/cta-redirect.hubspot.com\/cta\/redirect\/5310004\/3907e7b6-58df-46ee-98b8-1755fc649a35\"><img decoding=\"async\" class=\"hs-cta-img\" id=\"hs-cta-img-3907e7b6-58df-46ee-98b8-1755fc649a35\" style=\"border-width:0px;\" height=\"600\" width=\"1400\" src=\"https:\/\/no-cache.hubspot.com\/cta\/default\/5310004\/3907e7b6-58df-46ee-98b8-1755fc649a35.png\" alt=\"Trova rivenditore\"><\/a><\/span><script charset=\"utf-8\" src=\"https:\/\/js.hscta.net\/cta\/current.js\"><\/script><script type=\"text\/javascript\"> hbspt.cta.load(5310004, '3907e7b6-58df-46ee-98b8-1755fc649a35', {}); <\/script><\/span><!-- end HubSpot Call-to-Action Code -->\n\n\n\n<p><\/p>\n\n\n\n<h2><strong><a name=\"primo\"><\/a>Arredare una veranda: quali aspetti considerare<\/strong><\/h2>\n\n\n\n<p>In caso di spazi piccoli, come, per esempio, <strong>una veranda sul balcone<\/strong>, pu\u00f2 sembrare difficile progettare un ambiente bello, ma al contempo confortevole. \u00c8 importante cominciare con un progetto chiaro e definito che prenda in considerazione tutti gli aspetti fondamentali, in base al risultato desiderato:<\/p>\n\n\n\n<ul><li>Una delle priorit\u00e0 \u00e8 l\u2019<strong>ottimizzazione dello spazio<\/strong>, che permette di capire come disporre al meglio tutti gli arredi, sfruttando ogni angolo della veranda. In questo modo \u00e8 possibile creare un ambiente comodo e accogliente, senza ostacolare il passaggio con gli arredi, disponendoli in maniera intelligente.<\/li><li>Un altro aspetto da valutare \u00e8, senza dubbio, la <strong>destinazione d\u2019uso<\/strong> della propria veranda. Avere bene in mente la tipologia di mobili e decorazioni che si desiderano inserire, consente di sfruttare al meglio lo spazio e scegliere gli arredi in modo pi\u00f9 consapevole in fase d\u2019acquisto.<\/li><li>Inoltre, \u00e8 importante lasciare spazio al proprio <strong>gusto personale<\/strong>. La veranda pu\u00f2 essere in linea con lo stile della propria casa, creando continuit\u00e0 tra l\u2019interno e l\u2019esterno, oppure pu\u00f2 presentare un arredo completamente diverso. Tra gli stili pi\u00f9 amati per arredare una veranda rientrano quello <a href=\"https:\/\/www.oknoplast.it\/blog\/design-moderno-quando-la-creativita-e-di-casa\/\"><strong>moderno<\/strong><\/a><strong>, rustico, <\/strong><a href=\"https:\/\/www.oknoplast.it\/blog\/arredare-casa-in-stile-shabby-chic\/\"><strong>shabby chic<\/strong><\/a>, e tanti altri: una volta definita la propria preferenza, baster\u00e0 dare sfogo alla creativit\u00e0 e lasciarsi guidare dalla fantasia.<\/li><\/ul>\n\n\n\n<figure class=\"wp-block-image size-full\"><img decoding=\"async\" width=\"1024\" height=\"633\" src=\"https:\/\/www.oknoplast.it\/blog\/wp-content\/uploads\/2024\/05\/AdobeStock_739476241.jpg\" alt=\"AdobeStock 739476241\" class=\"wp-image-10881\" srcset=\"https:\/\/www.oknoplast.it\/blog\/wp-content\/uploads\/2024\/05\/AdobeStock_739476241.jpg 1024w, https:\/\/www.oknoplast.it\/blog\/wp-content\/uploads\/2024\/05\/AdobeStock_739476241-300x185.jpg 300w, https:\/\/www.oknoplast.it\/blog\/wp-content\/uploads\/2024\/05\/AdobeStock_739476241-768x475.jpg 768w\" sizes=\"(max-width: 1024px) 100vw, 1024px\" \/><figcaption>Veranda affacciata sul mare per godere di un comodo salotto esterno con vista panoramica<\/figcaption><\/figure>\n\n\n\n<h2><strong><a name=\"secondo\"><\/a>Idee per arredare una veranda in base al suo utilizzo<\/strong><\/h2>\n\n\n\n<p>Dopo aver passato in rassegna tutti gli aspetti fondamentali in fase di progettazione, \u00e8 necessario focalizzarsi su alcune idee per arredare una veranda in modo confortevole e funzionale in base a come si intende sfruttare questo spazio.<\/p>\n\n\n\n<p>Se si desidera adibire la propria veranda ad <strong>angolo relax<\/strong>, \u00e8 possibile arredare lo spazio esterno con comodi mobili e salotti da giardino, caratterizzati da ampie poltrone e divani su cui rilassarsi. Se si ha la fortuna di avere una veranda chiusa, inoltre, il salotto esterno pu\u00f2 essere utilizzato durante tutto l\u2019anno per far accomodare gli ospiti, leggere un buon libro in tranquillit\u00e0, o semplicemente riposarsi, come se la veranda fosse un vero e proprio prolungamento della zona living interna. In questo caso, per rendere l\u2019ambiente ancora pi\u00f9 accogliente consigliamo di aggiungere qualche <strong>complemento tessile<\/strong>, come <strong>cuscini colorati<\/strong> e <strong>tappeti da esterno<\/strong>.<\/p>\n\n\n\n<figure class=\"wp-block-image size-full\"><img decoding=\"async\" width=\"1024\" height=\"633\" src=\"https:\/\/www.oknoplast.it\/blog\/wp-content\/uploads\/2024\/05\/AdobeStock_357273981.jpg\" alt=\"AdobeStock 357273981\" class=\"wp-image-10882\" srcset=\"https:\/\/www.oknoplast.it\/blog\/wp-content\/uploads\/2024\/05\/AdobeStock_357273981.jpg 1024w, https:\/\/www.oknoplast.it\/blog\/wp-content\/uploads\/2024\/05\/AdobeStock_357273981-300x185.jpg 300w, https:\/\/www.oknoplast.it\/blog\/wp-content\/uploads\/2024\/05\/AdobeStock_357273981-768x475.jpg 768w\" sizes=\"(max-width: 1024px) 100vw, 1024px\" \/><figcaption>Veranda polifunzionale con zona pranzo e area relax per creare continuit\u00e0 tra l&#8217;interno e l&#8217;esterno dell&#8217;abitazione<\/figcaption><\/figure>\n\n\n\n<p>Quando la veranda si trova accanto alla cucina, uscendo in giardino o sul balcone, pu\u00f2 essere utilizzata anche come un\u2019<strong>ulteriore zona pranzo da sfruttare durante la bella stagione<\/strong>. Per creare una comoda sala da pranzo, non pu\u00f2 mancare un grande tavolo in legno o ferro battuto, con sedie abbinate. L\u2019ambiente pu\u00f2 essere abbellito da piante, fiori o candele che creano un\u2019atmosfera molto intima e calda. Pensando alle cene d\u2019estate in compagnia, \u00e8 inoltre importante studiare anche un <strong>sistema di illuminazione intelligente<\/strong> inserendo <strong>appliques<\/strong> o <strong>fili di luci<\/strong> per rendere lo spazio fruibile anche dopo il calar del sole.<\/p>\n\n\n\n<figure class=\"wp-block-image size-full\"><img decoding=\"async\" width=\"1024\" height=\"633\" src=\"https:\/\/www.oknoplast.it\/blog\/wp-content\/uploads\/2024\/05\/AdobeStock_357277876.jpg\" alt=\"AdobeStock 357277876\" class=\"wp-image-10883\" srcset=\"https:\/\/www.oknoplast.it\/blog\/wp-content\/uploads\/2024\/05\/AdobeStock_357277876.jpg 1024w, https:\/\/www.oknoplast.it\/blog\/wp-content\/uploads\/2024\/05\/AdobeStock_357277876-300x185.jpg 300w, https:\/\/www.oknoplast.it\/blog\/wp-content\/uploads\/2024\/05\/AdobeStock_357277876-768x475.jpg 768w\" sizes=\"(max-width: 1024px) 100vw, 1024px\" \/><figcaption>Arredare la veranda con comodi divani da esterno \u00e8 il modo migliore per rilassarsi al riparo dal sole<\/figcaption><\/figure>\n\n\n\n<p>Che sia concepita come un salotto o una sala pranzo da esterno, l\u2019arredamento della veranda non \u00e8 completo senza un tocco di verde. Soprattutto nel caso delle verande chiuse, \u00e8 consigliabile aggiungere <strong>piante e fiori che regalano un\u2019atmosfera fresca e profumata<\/strong>. Dopo aver scelto la disposizione ideale di ogni pianta, in base alle rispettive esigenze di esposizione alla luce, <strong>\u00e8 possibile<\/strong> <strong>sbizzarrirsi con i vasi<\/strong> che donano personalit\u00e0 e carattere alla veranda. Da quelli pi\u00f9 tradizionali in terracotta, passando per i coloratissimi vasi in ceramica decorati a mano, fino a quelli pi\u00f9 moderni in corten, c\u2019\u00e8 solo l\u2019imbarazzo della scelta.<\/p>\n\n\n\n<figure class=\"wp-block-image size-full\"><img decoding=\"async\" width=\"1024\" height=\"633\" src=\"https:\/\/www.oknoplast.it\/blog\/wp-content\/uploads\/2024\/05\/AdobeStock_591028758.jpg\" alt=\"AdobeStock 591028758\" class=\"wp-image-10884\" srcset=\"https:\/\/www.oknoplast.it\/blog\/wp-content\/uploads\/2024\/05\/AdobeStock_591028758.jpg 1024w, https:\/\/www.oknoplast.it\/blog\/wp-content\/uploads\/2024\/05\/AdobeStock_591028758-300x185.jpg 300w, https:\/\/www.oknoplast.it\/blog\/wp-content\/uploads\/2024\/05\/AdobeStock_591028758-768x475.jpg 768w\" sizes=\"(max-width: 1024px) 100vw, 1024px\" \/><figcaption>Un elegante divano a dondolo in stile shabby chic e le lampade sospese in stile industriale creano la combinazione ideale per dare un tocco di stile alla tua veranda<\/figcaption><\/figure>\n\n\n\n<h2><strong><a name=\"terzo\"><\/a>Arredare una veranda chiusa con gli infissi Oknoplast<\/strong><\/h2>\n\n\n\n<p>Quando arriva il momento di progettare una veranda \u00e8 importante scegliere attentamente la tipologia di infissi pi\u00f9 adatta. Un\u2019ottima soluzione \u00e8 rappresentata dal<a href=\"https:\/\/www.oknoplast.it\/sistemi-scorrevoli\/finestre-scorrevoli-ekosol?_gl=1*18ha6f4*_up*MQ..&amp;gclid=CjwKCAjwupGyBhBBEiwA0UcqaI9NSTruBvdZXumFxpg212dHNkdRtncfaJV5eLNTtcrVdTzJ7iO5XxoCEskQAvD_BwE\"> <strong>sistema scorrevole Ekosol di Oknoplast<\/strong><\/a>, una soluzione leggera e compatta, <strong>particolarmente indicata per la chiusura di verande e porticati<\/strong> poich\u00e9 consente di ottimizzare al massimo gli spazi eliminando l\u2019ingombro di un tradizionale infisso con apertura a battente. Installando il sistema <strong>Ekosol<\/strong> nella tua veranda, sar\u00e0 possibile sfruttare al massimo questo spazio in ogni stagione dell\u2019anno e, anche nelle giornate pi\u00f9 fredde, il <strong>profilo in classe A<\/strong> garantir\u00e0 un ottimo isolamento dalle temperature esterne. Inoltre, le vetrocamere del sistema Ekosol sono realizzate con <strong>lastre di vetro extra-light<\/strong> che rendono la vista verso l\u2019esterno pi\u00f9 nitida e inondano la veranda di luce naturale.<\/p>\n\n\n\n<p>Oltre a scegliere il sistema pi\u00f9 adatto per la chiusura della veranda, \u00e8 fondamentale progettare l\u2019ambiente domestico in maniera intelligente affinch\u00e9 interno ed esterno siano ben collegati fra loro. Per accedere facilmente alla veranda e evitare l\u2019ingombro dell\u2019apertura dell\u2019anta a battente, \u00e8 possibile optare per il<a href=\"https:\/\/www.oknoplast.it\/sistemi-scorrevoli\/porta-finestra-scorrevole-hst?_gl=1*1ovybg8*_up*MQ..&amp;gclid=CjwKCAjwupGyBhBBEiwA0UcqaI9NSTruBvdZXumFxpg212dHNkdRtncfaJV5eLNTtcrVdTzJ7iO5XxoCEskQAvD_BwE\"> <strong>sistema scorrevole HST Motion<\/strong><\/a> che permette, non solo di mettere in comunicazione la casa con il giardino, ma anche di <strong>abbattere completamente ogni barriera architettonica<\/strong> grazie alla <strong>soglia a zero<\/strong>. Il suo <strong>design ultra slim<\/strong> permette di godere della massima luce naturale all\u2019interno dell\u2019abitazione e si adatta perfettamente ai progetti architettonici pi\u00f9 contemporanei che si fondono perfettamente con il panorama circostante.<\/p>\n","protected":false},"excerpt":{"rendered":"<p>Avere una veranda a disposizione, chiusa o aperta, piccola o grande, \u00e8 una vera fortuna, poich\u00e9 rappresenta uno spazio intimo e accogliente dove rilassarsi e fuggire dalla frenesia di tutti i giorni. Anche se la veranda \u00e8 di ridotte dimensioni, non importa, perch\u00e9, grazie ai giusti accorgimenti, \u00e8 sfruttabile in ogni periodo dell\u2019anno, soprattutto se [&hellip;]<\/p>\n","protected":false},"author":2,"featured_media":10881,"comment_status":"closed","ping_status":"closed","sticky":false,"template":"","format":"standard","meta":[],"categories":[15],"tags":[],"acf":[],"yoast_head":"<!-- This site is optimized with the Yoast SEO plugin v20.2.1 - https:\/\/yoast.com\/wordpress\/plugins\/seo\/ -->\n<title>Arredare la veranda con stile - Oknoplast<\/title>\n<meta name=\"description\" content=\"Scopri come rendere la tua veranda uno spazio accogliente tutto l&#039;anno con mobili comodi, illuminazione intelligente e infissi Oknoplast di alta qualit\u00e0.\" \/>\n<meta name=\"robots\" content=\"index, follow, max-snippet:-1, max-image-preview:large, max-video-preview:-1\" \/>\n<link rel=\"canonical\" href=\"https:\/\/www.oknoplast.it\/blog\/arredare-la-veranda-idee-per-uno-spazio-accogliente-tutto-lanno\/\" \/>\n<meta property=\"og:locale\" content=\"it_IT\" \/>\n<meta property=\"og:type\" content=\"article\" \/>\n<meta property=\"og:title\" content=\"Arredare la veranda con stile - Oknoplast\" \/>\n<meta property=\"og:description\" content=\"Scopri come rendere la tua veranda uno spazio accogliente tutto l&#039;anno con mobili comodi, illuminazione intelligente e infissi Oknoplast di alta qualit\u00e0.\" \/>\n<meta property=\"og:url\" content=\"https:\/\/www.oknoplast.it\/blog\/arredare-la-veranda-idee-per-uno-spazio-accogliente-tutto-lanno\/\" \/>\n<meta property=\"og:site_name\" content=\"Blog Oknoplast: notizie e spunti per la casa\" \/>\n<meta property=\"article:published_time\" content=\"2024-05-24T14:35:12+00:00\" \/>\n<meta property=\"article:modified_time\" content=\"2024-06-05T12:14:36+00:00\" \/>\n<meta property=\"og:image\" content=\"https:\/\/www.oknoplast.it\/blog\/wp-content\/uploads\/2024\/05\/AdobeStock_739476241.jpg\" \/>\n\t<meta property=\"og:image:width\" content=\"1024\" \/>\n\t<meta property=\"og:image:height\" content=\"633\" \/>\n\t<meta property=\"og:image:type\" content=\"image\/jpeg\" \/>\n<meta name=\"author\" content=\"Oknoplast\" \/>\n<meta name=\"twitter:card\" content=\"summary_large_image\" \/>\n<meta name=\"twitter:label1\" content=\"Scritto da\" \/>\n\t<meta name=\"twitter:data1\" content=\"Oknoplast\" \/>\n\t<meta name=\"twitter:label2\" content=\"Tempo di lettura stimato\" \/>\n\t<meta name=\"twitter:data2\" content=\"7 minuti\" \/>\n<script type=\"application\/ld+json\" class=\"yoast-schema-graph\">{\"@context\":\"https:\/\/schema.org\",\"@graph\":[{\"@type\":\"WebPage\",\"@id\":\"https:\/\/www.oknoplast.it\/blog\/arredare-la-veranda-idee-per-uno-spazio-accogliente-tutto-lanno\/\",\"url\":\"https:\/\/www.oknoplast.it\/blog\/arredare-la-veranda-idee-per-uno-spazio-accogliente-tutto-lanno\/\",\"name\":\"Arredare la veranda con stile - Oknoplast\",\"isPartOf\":{\"@id\":\"https:\/\/www.oknoplast.it\/blog\/#website\"},\"datePublished\":\"2024-05-24T14:35:12+00:00\",\"dateModified\":\"2024-06-05T12:14:36+00:00\",\"author\":{\"@id\":\"https:\/\/www.oknoplast.it\/blog\/#\/schema\/person\/f2b983e60b9a9465492e920f96330e15\"},\"description\":\"Scopri come rendere la tua veranda uno spazio accogliente tutto l'anno con mobili comodi, illuminazione intelligente e infissi Oknoplast di alta qualit\u00e0.\",\"breadcrumb\":{\"@id\":\"https:\/\/www.oknoplast.it\/blog\/arredare-la-veranda-idee-per-uno-spazio-accogliente-tutto-lanno\/#breadcrumb\"},\"inLanguage\":\"it-IT\",\"potentialAction\":[{\"@type\":\"ReadAction\",\"target\":[\"https:\/\/www.oknoplast.it\/blog\/arredare-la-veranda-idee-per-uno-spazio-accogliente-tutto-lanno\/\"]}]},{\"@type\":\"BreadcrumbList\",\"@id\":\"https:\/\/www.oknoplast.it\/blog\/arredare-la-veranda-idee-per-uno-spazio-accogliente-tutto-lanno\/#breadcrumb\",\"itemListElement\":[{\"@type\":\"ListItem\",\"position\":1,\"name\":\"Home\",\"item\":\"https:\/\/www.oknoplast.it\/blog\/\"},{\"@type\":\"ListItem\",\"position\":2,\"name\":\"Arredare la veranda: idee per uno spazio accogliente tutto l\u2019anno\"}]},{\"@type\":\"WebSite\",\"@id\":\"https:\/\/www.oknoplast.it\/blog\/#website\",\"url\":\"https:\/\/www.oknoplast.it\/blog\/\",\"name\":\"Blog Oknoplast: notizie e spunti per la casa\",\"description\":\"\",\"potentialAction\":[{\"@type\":\"SearchAction\",\"target\":{\"@type\":\"EntryPoint\",\"urlTemplate\":\"https:\/\/www.oknoplast.it\/blog\/?s={search_term_string}\"},\"query-input\":\"required name=search_term_string\"}],\"inLanguage\":\"it-IT\"},{\"@type\":\"Person\",\"@id\":\"https:\/\/www.oknoplast.it\/blog\/#\/schema\/person\/f2b983e60b9a9465492e920f96330e15\",\"name\":\"Oknoplast\",\"image\":{\"@type\":\"ImageObject\",\"inLanguage\":\"it-IT\",\"@id\":\"https:\/\/www.oknoplast.it\/blog\/#\/schema\/person\/image\/\",\"url\":\"https:\/\/secure.gravatar.com\/avatar\/9e39f59851d0bff20ce289c2b20315e5?s=96&d=mm&r=g\",\"contentUrl\":\"https:\/\/secure.gravatar.com\/avatar\/9e39f59851d0bff20ce289c2b20315e5?s=96&d=mm&r=g\",\"caption\":\"Oknoplast\"},\"url\":\"https:\/\/www.oknoplast.it\/blog\/author\/oknoadm\/\"}]}<\/script>\n<!-- \/ Yoast SEO plugin. -->","yoast_head_json":{"title":"Arredare la veranda con stile - Oknoplast","description":"Scopri come rendere la tua veranda uno spazio accogliente tutto l'anno con mobili comodi, illuminazione intelligente e infissi Oknoplast di alta qualit\u00e0.","robots":{"index":"index","follow":"follow","max-snippet":"max-snippet:-1","max-image-preview":"max-image-preview:large","max-video-preview":"max-video-preview:-1"},"canonical":"https:\/\/www.oknoplast.it\/blog\/arredare-la-veranda-idee-per-uno-spazio-accogliente-tutto-lanno\/","og_locale":"it_IT","og_type":"article","og_title":"Arredare la veranda con stile - Oknoplast","og_description":"Scopri come rendere la tua veranda uno spazio accogliente tutto l'anno con mobili comodi, illuminazione intelligente e infissi Oknoplast di alta qualit\u00e0.","og_url":"https:\/\/www.oknoplast.it\/blog\/arredare-la-veranda-idee-per-uno-spazio-accogliente-tutto-lanno\/","og_site_name":"Blog Oknoplast: notizie e spunti per la casa","article_published_time":"2024-05-24T14:35:12+00:00","article_modified_time":"2024-06-05T12:14:36+00:00","og_image":[{"width":1024,"height":633,"url":"https:\/\/www.oknoplast.it\/blog\/wp-content\/uploads\/2024\/05\/AdobeStock_739476241.jpg","type":"image\/jpeg"}],"author":"Oknoplast","twitter_card":"summary_large_image","twitter_misc":{"Scritto da":"Oknoplast","Tempo di lettura stimato":"7 minuti"},"schema":{"@context":"https:\/\/schema.org","@graph":[{"@type":"WebPage","@id":"https:\/\/www.oknoplast.it\/blog\/arredare-la-veranda-idee-per-uno-spazio-accogliente-tutto-lanno\/","url":"https:\/\/www.oknoplast.it\/blog\/arredare-la-veranda-idee-per-uno-spazio-accogliente-tutto-lanno\/","name":"Arredare la veranda con stile - Oknoplast","isPartOf":{"@id":"https:\/\/www.oknoplast.it\/blog\/#website"},"datePublished":"2024-05-24T14:35:12+00:00","dateModified":"2024-06-05T12:14:36+00:00","author":{"@id":"https:\/\/www.oknoplast.it\/blog\/#\/schema\/person\/f2b983e60b9a9465492e920f96330e15"},"description":"Scopri come rendere la tua veranda uno spazio accogliente tutto l'anno con mobili comodi, illuminazione intelligente e infissi Oknoplast di alta qualit\u00e0.","breadcrumb":{"@id":"https:\/\/www.oknoplast.it\/blog\/arredare-la-veranda-idee-per-uno-spazio-accogliente-tutto-lanno\/#breadcrumb"},"inLanguage":"it-IT","potentialAction":[{"@type":"ReadAction","target":["https:\/\/www.oknoplast.it\/blog\/arredare-la-veranda-idee-per-uno-spazio-accogliente-tutto-lanno\/"]}]},{"@type":"BreadcrumbList","@id":"https:\/\/www.oknoplast.it\/blog\/arredare-la-veranda-idee-per-uno-spazio-accogliente-tutto-lanno\/#breadcrumb","itemListElement":[{"@type":"ListItem","position":1,"name":"Home","item":"https:\/\/www.oknoplast.it\/blog\/"},{"@type":"ListItem","position":2,"name":"Arredare la veranda: idee per uno spazio accogliente tutto l\u2019anno"}]},{"@type":"WebSite","@id":"https:\/\/www.oknoplast.it\/blog\/#website","url":"https:\/\/www.oknoplast.it\/blog\/","name":"Blog Oknoplast: notizie e spunti per la casa","description":"","potentialAction":[{"@type":"SearchAction","target":{"@type":"EntryPoint","urlTemplate":"https:\/\/www.oknoplast.it\/blog\/?s={search_term_string}"},"query-input":"required name=search_term_string"}],"inLanguage":"it-IT"},{"@type":"Person","@id":"https:\/\/www.oknoplast.it\/blog\/#\/schema\/person\/f2b983e60b9a9465492e920f96330e15","name":"Oknoplast","image":{"@type":"ImageObject","inLanguage":"it-IT","@id":"https:\/\/www.oknoplast.it\/blog\/#\/schema\/person\/image\/","url":"https:\/\/secure.gravatar.com\/avatar\/9e39f59851d0bff20ce289c2b20315e5?s=96&d=mm&r=g","contentUrl":"https:\/\/secure.gravatar.com\/avatar\/9e39f59851d0bff20ce289c2b20315e5?s=96&d=mm&r=g","caption":"Oknoplast"},"url":"https:\/\/www.oknoplast.it\/blog\/author\/oknoadm\/"}]}},"_links":{"self":[{"href":"https:\/\/www.oknoplast.it\/blog\/wp-json\/wp\/v2\/posts\/10880"}],"collection":[{"href":"https:\/\/www.oknoplast.it\/blog\/wp-json\/wp\/v2\/posts"}],"about":[{"href":"https:\/\/www.oknoplast.it\/blog\/wp-json\/wp\/v2\/types\/post"}],"author":[{"embeddable":true,"href":"https:\/\/www.oknoplast.it\/blog\/wp-json\/wp\/v2\/users\/2"}],"replies":[{"embeddable":true,"href":"https:\/\/www.oknoplast.it\/blog\/wp-json\/wp\/v2\/comments?post=10880"}],"version-history":[{"count":1,"href":"https:\/\/www.oknoplast.it\/blog\/wp-json\/wp\/v2\/posts\/10880\/revisions"}],"predecessor-version":[{"id":10885,"href":"https:\/\/www.oknoplast.it\/blog\/wp-json\/wp\/v2\/posts\/10880\/revisions\/10885"}],"wp:featuredmedia":[{"embeddable":true,"href":"https:\/\/www.oknoplast.it\/blog\/wp-json\/wp\/v2\/media\/10881"}],"wp:attachment":[{"href":"https:\/\/www.oknoplast.it\/blog\/wp-json\/wp\/v2\/media?parent=10880"}],"wp:term":[{"taxonomy":"category","embeddable":true,"href":"https:\/\/www.oknoplast.it\/blog\/wp-json\/wp\/v2\/categories?post=10880"},{"taxonomy":"post_tag","embeddable":true,"href":"https:\/\/www.oknoplast.it\/blog\/wp-json\/wp\/v2\/tags?post=10880"}],"curies":[{"name":"wp","href":"https:\/\/api.w.org\/{rel}","templated":true}]}}