{"id":11463,"date":"2025-02-12T16:53:01","date_gmt":"2025-02-12T15:53:01","guid":{"rendered":"https:\/\/www.oknoplast.it\/blog\/?p=11463"},"modified":"2025-02-12T16:53:02","modified_gmt":"2025-02-12T15:53:02","slug":"appartamento-moderno-luminoso-milano-isola","status":"publish","type":"post","link":"https:\/\/www.oknoplast.it\/blog\/appartamento-moderno-luminoso-milano-isola\/","title":{"rendered":"Appartamento moderno e luminoso nel quartiere Isola di Milano"},"content":{"rendered":"\n<p>Nel cuore del vivace quartiere Isola di Milano, ha preso forma questo interessante <strong>progetto di ristrutturazione<\/strong>, ambizioso e raffinato, che ha trasformato un vecchio appartamento di 120 mq in una residenza moderna e luminosa, con un\u2019attenzione particolare all\u2019eleganza e alla funzionalit\u00e0 degli spazi. L\u2019esigenza primaria, in fase di riprogettazione degli spazi, era quella di creare un ambiente dove la luce fosse la protagonista indiscussa e questo \u00e8 stato possibile anche grazie alla giusta scelta di infissi Oknoplast. Vediamo il progetto nel dettaglio.<\/p>\n\n\n\n<ul>\n<li><a href=\"#primo\"><strong>L\u2019idea alla base del progetto<\/strong><\/a><\/li>\n<li><a href=\"#secondo\"><strong>Materiali e palette cromatica<\/strong><\/a><\/li>\n<li><a href=\"#terzo\"><strong>Infissi Oknoplast: luminosit\u00e0 e personalizzazione<\/strong><\/a><\/li>\n<\/ul>\n\n\n\n<!-- Container for the image gallery -->\n<div class=\"slideshow\">\n  <div class=\"slideshow__inner\">\n\n    \n    <!-- Full-width images with number text -->\n    <div class=\"slideshow__slides\" data-slideshow-slides >\n      <div class=\"numbertext\">1 \/ 8<\/div>\n        <img decoding=\"async\" class=\"skip-lazy\" src=\"https:\/\/www.oknoplast.it\/blog\/wp-content\/uploads\/2025\/02\/Arnaldo-Da-Brescia-23-1024x683.jpg\" alt=\"Il grande open space\" >\n    <\/div>\n\n    \n    <!-- Full-width images with number text -->\n    <div class=\"slideshow__slides\" data-slideshow-slides >\n      <div class=\"numbertext\">2 \/ 8<\/div>\n        <img decoding=\"async\" class=\"skip-lazy\" src=\"https:\/\/www.oknoplast.it\/blog\/wp-content\/uploads\/2025\/02\/Arnaldo-Da-Brescia-32-1024x683.jpg\" alt=\"La cucina\" >\n    <\/div>\n\n    \n    <!-- Full-width images with number text -->\n    <div class=\"slideshow__slides\" data-slideshow-slides >\n      <div class=\"numbertext\">3 \/ 8<\/div>\n        <img decoding=\"async\" class=\"skip-lazy\" src=\"https:\/\/www.oknoplast.it\/blog\/wp-content\/uploads\/2025\/02\/Arnaldo-Da-Brescia-31.jpg\" alt=\"Cucina e zona living\" >\n    <\/div>\n\n    \n    <!-- Full-width images with number text -->\n    <div class=\"slideshow__slides\" data-slideshow-slides >\n      <div class=\"numbertext\">4 \/ 8<\/div>\n        <img decoding=\"async\" class=\"skip-lazy\" src=\"https:\/\/www.oknoplast.it\/blog\/wp-content\/uploads\/2025\/02\/Arnaldo-Da-Brescia-29.jpg\" alt=\"Zona pranzo con finestre Oknoplast\" >\n    <\/div>\n\n    \n    <!-- Full-width images with number text -->\n    <div class=\"slideshow__slides\" data-slideshow-slides >\n      <div class=\"numbertext\">5 \/ 8<\/div>\n        <img decoding=\"async\" class=\"skip-lazy\" src=\"https:\/\/www.oknoplast.it\/blog\/wp-content\/uploads\/2025\/02\/Arnaldo-Da-Brescia-25-1024x683.jpg\" alt=\"La finestra Oknoplast della zona pranzo\" >\n    <\/div>\n\n    \n    <!-- Full-width images with number text -->\n    <div class=\"slideshow__slides\" data-slideshow-slides >\n      <div class=\"numbertext\">6 \/ 8<\/div>\n        <img decoding=\"async\" class=\"skip-lazy\" src=\"https:\/\/www.oknoplast.it\/blog\/wp-content\/uploads\/2025\/02\/Arnaldo-Da-Brescia-04-1024x683.jpg\" alt=\"\" >\n    <\/div>\n\n    \n    <!-- Full-width images with number text -->\n    <div class=\"slideshow__slides\" data-slideshow-slides >\n      <div class=\"numbertext\">7 \/ 8<\/div>\n        <img decoding=\"async\" class=\"skip-lazy\" src=\"https:\/\/www.oknoplast.it\/blog\/wp-content\/uploads\/2025\/02\/Arnaldo-Da-Brescia-02.jpg\" alt=\"Camera da letto ampia e luminosa\" >\n    <\/div>\n\n    \n    <!-- Full-width images with number text -->\n    <div class=\"slideshow__slides\" data-slideshow-slides >\n      <div class=\"numbertext\">8 \/ 8<\/div>\n        <img decoding=\"async\" class=\"skip-lazy\" src=\"https:\/\/www.oknoplast.it\/blog\/wp-content\/uploads\/2025\/02\/Arnaldo-Da-Brescia-22.jpg\" alt=\"Camera singola con finestra Oknoplast\" >\n    <\/div>\n\n    \n\n\n\n    <!-- Image text -->\n    <div class=\"caption__container\">\n      <p data-slideshow-caption class=\"text-s\"><\/p>\n    <\/div>\n\n    <!-- Thumbnail images -->\n    <div class=\"slideshow__row\">\n\n      \n        <div class=\"slideshow__column\">\n          <img decoding=\"async\" class=\"slideshow__dots cursor\" data-slideshow-dots src=\"https:\/\/www.oknoplast.it\/blog\/wp-content\/uploads\/2025\/02\/Arnaldo-Da-Brescia-23-150x150.jpg\"  data-slideshow-nav=\"1\" alt=\"Il grande open space\" data-caption=\"Una palette colori neutri, in linea con le tendenze attuali, design contemporaneo e grande luminosit\u00e0 con finestre Prolux Evolution di Oknoplast\">\n        <\/div>\n      \n        <div class=\"slideshow__column\">\n          <img decoding=\"async\" class=\"slideshow__dots cursor\" data-slideshow-dots src=\"https:\/\/www.oknoplast.it\/blog\/wp-content\/uploads\/2025\/02\/Arnaldo-Da-Brescia-32-150x150.jpg\"  data-slideshow-nav=\"2\" alt=\"La cucina\" data-caption=\"La cucina minimalista con finiture opache tortora e beige e la porta-finestra Prolux Evolution di Oknoplast con accesso al balcone\">\n        <\/div>\n      \n        <div class=\"slideshow__column\">\n          <img decoding=\"async\" class=\"slideshow__dots cursor\" data-slideshow-dots src=\"https:\/\/www.oknoplast.it\/blog\/wp-content\/uploads\/2025\/02\/Arnaldo-Da-Brescia-31-150x150.jpg\"  data-slideshow-nav=\"3\" alt=\"Cucina e zona living\" data-caption=\"L&#039;isola della cucina  che si affaccia sull&#039;ampio salone luminoso e accogliente con finestre Oknoplast\">\n        <\/div>\n      \n        <div class=\"slideshow__column\">\n          <img decoding=\"async\" class=\"slideshow__dots cursor\" data-slideshow-dots src=\"https:\/\/www.oknoplast.it\/blog\/wp-content\/uploads\/2025\/02\/Arnaldo-Da-Brescia-29-150x150.jpg\"  data-slideshow-nav=\"4\" alt=\"Zona pranzo con finestre Oknoplast\" data-caption=\"Le ampie finestre Prolux Evolution di Oknoplast che illuminano la zona pranzo\">\n        <\/div>\n      \n        <div class=\"slideshow__column\">\n          <img decoding=\"async\" class=\"slideshow__dots cursor\" data-slideshow-dots src=\"https:\/\/www.oknoplast.it\/blog\/wp-content\/uploads\/2025\/02\/Arnaldo-Da-Brescia-25-150x150.jpg\"  data-slideshow-nav=\"5\" alt=\"La finestra Oknoplast della zona pranzo\" data-caption=\"Zona living e zona pranzo in un unico spazio open space illuminato dalle grandi finestre Prolux Evolution di Oknoplast\">\n        <\/div>\n      \n        <div class=\"slideshow__column\">\n          <img decoding=\"async\" class=\"slideshow__dots cursor\" data-slideshow-dots src=\"https:\/\/www.oknoplast.it\/blog\/wp-content\/uploads\/2025\/02\/Arnaldo-Da-Brescia-04-150x150.jpg\"  data-slideshow-nav=\"6\" alt=\"\" data-caption=\"Anche in camera da letto non manca la luce naturale grazie alla doppia finestra Prolux Evolution di Oknoplast con finitura bianco in massa\">\n        <\/div>\n      \n        <div class=\"slideshow__column\">\n          <img decoding=\"async\" class=\"slideshow__dots cursor\" data-slideshow-dots src=\"https:\/\/www.oknoplast.it\/blog\/wp-content\/uploads\/2025\/02\/Arnaldo-Da-Brescia-02-150x150.jpg\"  data-slideshow-nav=\"7\" alt=\"Camera da letto ampia e luminosa\" data-caption=\"La camera da letto \u00e8 dotata di ben due grandi finestre Prolux Evolution di Oknoplast che esaltano la luce naturale in tutto l&#039;ambiente\">\n        <\/div>\n      \n        <div class=\"slideshow__column\">\n          <img decoding=\"async\" class=\"slideshow__dots cursor\" data-slideshow-dots src=\"https:\/\/www.oknoplast.it\/blog\/wp-content\/uploads\/2025\/02\/Arnaldo-Da-Brescia-22-150x150.jpg\"  data-slideshow-nav=\"8\" alt=\"Camera singola con finestra Oknoplast\" data-caption=\"Anche la camera singola vanta un&#039;ampia finestra modello Prolux Evolution di Oknoplast con profili interni in bianco massa\">\n        <\/div>\n      \n    <\/div>\n  <\/div>\n    <!-- Next and previous buttons -->\n    <a class=\"prev\" data-slideshow-nav=\"prev\" ><\/a>\n    <a class=\"next\" data-slideshow-nav=\"next\" ><\/a>\n<\/div>\n\n\n\n\n<h2><strong><a name=\"primo\"><\/a>L\u2019idea alla base del progetto<\/strong><\/h2>\n\n\n\n<p>Con l&#8217;obiettivo di soddisfare i desideri della propriet\u00e0, i lavori di ristrutturazione sono stati seguiti dagli architetti dello StudioS Interiors. L\u2019idea attorno alla quale si \u00e8 sviluppato il progetto era quella di creare un ambiente che risultasse estremamente luminoso, ma al contempo dimostrasse carattere e personalit\u00e0. Il <strong>fulcro del progetto \u00e8 diventato la cucina<\/strong>, considerata il luogo della casa in cui si celebra la convivialit\u00e0 e in cui anche la preparazione del pranzo o della cena si trasforma nell\u2019occasione perfetta per trascorrere del tempo insieme.<\/p>\n\n\n\n<p>Un altro elemento distintivo del progetto ha riguardato la <strong>scelta degli infissi Oknoplast<\/strong>, in collaborazione con il <strong>Premium Partner Frimar <\/strong>di Milano. Questo ha garantito un risultato finale impeccabile, assicurando un&#8217;estetica contemporanea perfettamente in linea con le scelte di interior design dell\u2019appartamento, oltre a una grande funzionalit\u00e0.<\/p>\n\n\n\n<h2><strong><a name=\"secondo\"><\/a>Materiali e palette cromatica<\/strong><\/h2>\n\n\n\n<p>L\u2019appartamento si distingue per il <strong>perfetto equilibrio tra i colori neutri e le linee pulite ed essenziali<\/strong>, tipiche del design contemporaneo. Il tutto \u00e8 esaltato dalla <strong>forte illuminazione naturale <\/strong>che inonda di luce l\u2019appartamento, enfatizzandone l\u2019estetica raffinata.<\/p>\n\n\n\n<p>Il soggiorno open space \u00e8 caratterizzato da un ampio divano grigio con penisola e cuscini neutri, che si sposano perfettamente con il tappeto chiaro a motivi geometrici. Il <strong>parquet in rovere naturale a spina italiana \u00e8<\/strong> il vero tocco di eleganza che dona all\u2019ambiente un piacevole calore, grazie alle tonalit\u00e0 che ricordano il miele e il caramello.<\/p>\n\n\n\n<p>Alle spalle del divano si trova invece la cucina, posta al centro del progetto di ristrutturazione, come gi\u00e0 precisato. \u00c8 cos\u00ec che si impone infatti come elemento centrale con mobili tra il tortora e il grigio chiaro, perfettamente allineati con le ultime tendenze che vedono il ritorno del marrone in tutte le sue declinazioni, come dimostra l\u2019elezione di<a href=\"https:\/\/www.oknoplast.it\/blog\/mocha-mousse-colore-2025\"> <strong>Mocha Mousse a Colore dell\u2019anno 2025<\/strong><\/a> da parte dell\u2019Istituto Pantone.&nbsp;<\/p>\n\n\n\n<figure class=\"wp-block-image size-large\"><img decoding=\"async\" width=\"1024\" height=\"683\" src=\"https:\/\/www.oknoplast.it\/blog\/wp-content\/uploads\/2025\/02\/Arnaldo-Da-Brescia-32-1024x683.jpg\" alt=\"La cucina\" class=\"wp-image-11465\" srcset=\"https:\/\/www.oknoplast.it\/blog\/wp-content\/uploads\/2025\/02\/Arnaldo-Da-Brescia-32-1024x683.jpg 1024w, https:\/\/www.oknoplast.it\/blog\/wp-content\/uploads\/2025\/02\/Arnaldo-Da-Brescia-32-300x200.jpg 300w, https:\/\/www.oknoplast.it\/blog\/wp-content\/uploads\/2025\/02\/Arnaldo-Da-Brescia-32-768x512.jpg 768w, https:\/\/www.oknoplast.it\/blog\/wp-content\/uploads\/2025\/02\/Arnaldo-Da-Brescia-32-1536x1024.jpg 1536w, https:\/\/www.oknoplast.it\/blog\/wp-content\/uploads\/2025\/02\/Arnaldo-Da-Brescia-32-2048x1365.jpg 2048w\" sizes=\"(max-width: 1024px) 100vw, 1024px\" \/><figcaption class=\"wp-element-caption\">La cucina minimalista con finiture opache tortora e beige e la porta-finestra Prolux Evolution di Oknoplast con accesso al balcone<\/figcaption><\/figure>\n\n\n\n<p>Le superfici opache e le linee squadrate rafforzano l\u2019eleganza dello spazio, mentre le sedute in velluto verde della zona pranzo aggiungono il giusto contrasto cromatico all\u2019interno di un ambiente prevalentemente neutro.<\/p>\n\n\n\n<figure class=\"wp-block-image size-large\"><img decoding=\"async\" width=\"1024\" height=\"683\" src=\"https:\/\/www.oknoplast.it\/blog\/wp-content\/uploads\/2025\/02\/Arnaldo-Da-Brescia-25-1024x683.jpg\" alt=\"La finestra Oknoplast della zona pranzo\" class=\"wp-image-11466\" srcset=\"https:\/\/www.oknoplast.it\/blog\/wp-content\/uploads\/2025\/02\/Arnaldo-Da-Brescia-25-1024x683.jpg 1024w, https:\/\/www.oknoplast.it\/blog\/wp-content\/uploads\/2025\/02\/Arnaldo-Da-Brescia-25-300x200.jpg 300w, https:\/\/www.oknoplast.it\/blog\/wp-content\/uploads\/2025\/02\/Arnaldo-Da-Brescia-25-768x512.jpg 768w, https:\/\/www.oknoplast.it\/blog\/wp-content\/uploads\/2025\/02\/Arnaldo-Da-Brescia-25-1536x1024.jpg 1536w, https:\/\/www.oknoplast.it\/blog\/wp-content\/uploads\/2025\/02\/Arnaldo-Da-Brescia-25-2048x1365.jpg 2048w\" sizes=\"(max-width: 1024px) 100vw, 1024px\" \/><figcaption class=\"wp-element-caption\">Zona living e zona pranzo in un unico spazio open space illuminato dalle grandi finestre Prolux Evolution di Oknoplast<\/figcaption><\/figure>\n\n\n\n<p>Il <strong>verde<\/strong> torna protagonista anche nella camera matrimoniale e, pi\u00f9 precisamente, nella testiera del letto. Le pareti e l\u2019armadiatura sono chiare, cos\u00ec come le tende bianche e leggere che esaltano la luce naturale e creano un\u2019atmosfera rilassante.<\/p>\n\n\n\n<figure class=\"wp-block-image size-large\"><img decoding=\"async\" width=\"1024\" height=\"683\" src=\"https:\/\/www.oknoplast.it\/blog\/wp-content\/uploads\/2025\/02\/Arnaldo-Da-Brescia-04-1024x683.jpg\" alt=\"\" class=\"wp-image-11467\" srcset=\"https:\/\/www.oknoplast.it\/blog\/wp-content\/uploads\/2025\/02\/Arnaldo-Da-Brescia-04-1024x683.jpg 1024w, https:\/\/www.oknoplast.it\/blog\/wp-content\/uploads\/2025\/02\/Arnaldo-Da-Brescia-04-300x200.jpg 300w, https:\/\/www.oknoplast.it\/blog\/wp-content\/uploads\/2025\/02\/Arnaldo-Da-Brescia-04-768x512.jpg 768w, https:\/\/www.oknoplast.it\/blog\/wp-content\/uploads\/2025\/02\/Arnaldo-Da-Brescia-04-1536x1024.jpg 1536w, https:\/\/www.oknoplast.it\/blog\/wp-content\/uploads\/2025\/02\/Arnaldo-Da-Brescia-04-2048x1365.jpg 2048w\" sizes=\"(max-width: 1024px) 100vw, 1024px\" \/><figcaption class=\"wp-element-caption\">Anche in camera da letto non manca la luce naturale grazie alla doppia finestra Prolux Evolution di Oknoplast con finitura bianco in massa<\/figcaption><\/figure>\n\n\n\n<h2><strong><a name=\"terzo\"><\/a>Infissi Oknoplast: luminosit\u00e0 e personalizzazione<\/strong><\/h2>\n\n\n\n<p>Per trasformare la luce naturale in assoluta protagonista, non potevano mancare gli infissi Oknoplast. Il progetto ha infatti previsto l\u2019installazione degli infissi<a href=\"https:\/\/www.oknoplast.it\/finestre-pvc\/prolux-evolution\"> <strong>Prolux Evolution di Oknoplast<\/strong>,<\/a> nella versione bicolor:&nbsp; bianco in massa all\u2019interno e grigio RAL 7001 effetto legno all\u2019esterno, per soddisfare le esigenze estetiche della facciata.<\/p>\n\n\n\n<p>La scelta di questa tipologia di finestre \u00e8 stata dettata dalla necessit\u00e0 di <strong>sfruttare al massimo i fori finestra che, in questo caso, non erano molto generosi, <\/strong>e di <strong>garantire un\u2019elevata illuminazione naturale<\/strong>.<br>Questo modello \u00e8 infatti caratterizzato da profili sottili e vetrocamere pi\u00f9 ampie, dotate di <strong>vetri extra-light ad elevata trasparenza<\/strong>, che garantiscono una migliore illuminazione naturale e una vista estremamente nitida e pulita. Altro tratto distintivo di questo modello \u00e8 il nodo centrale sottile e con la maniglia posta esattamente al centro della finestra che ne esalta il design simmetrico e raffinato.<\/p>\n\n\n\n<p>Come abbiamo visto, le finestre Oknoplast sono disponibili in un\u2019ampia<a href=\"https:\/\/www.oknoplast.it\/finiture\"> <strong>gamma di finiture<\/strong><\/a> e, come in questo caso, possono essere personalizzate con con <strong>finiture diverse per i profili interni ed esterni<\/strong>. Questo le rende ideali per progetti di ristrutturazione in cui \u00e8 necessario rispettare l\u2019estetica delle facciate condominiali, spesso soggette a rigidi parametri estetici.<\/p>\n","protected":false},"excerpt":{"rendered":"<p>Nel cuore del vivace quartiere Isola di Milano, ha preso forma questo interessante progetto di ristrutturazione, ambizioso e raffinato, che ha trasformato un vecchio appartamento di 120 mq in una residenza moderna e luminosa, con un\u2019attenzione particolare all\u2019eleganza e alla funzionalit\u00e0 degli spazi. L\u2019esigenza primaria, in fase di riprogettazione degli spazi, era quella di creare [&hellip;]<\/p>\n","protected":false},"author":2,"featured_media":11464,"comment_status":"closed","ping_status":"closed","sticky":false,"template":"","format":"standard","meta":[],"categories":[22],"tags":[],"acf":[],"yoast_head":"<!-- This site is optimized with the Yoast SEO plugin v20.2.1 - https:\/\/yoast.com\/wordpress\/plugins\/seo\/ -->\n<title>Ristrutturazione appartamento a Milano - Oknoplast<\/title>\n<meta name=\"description\" content=\"Ristrutturazione elegante e moderna a Isola, Milano, con infissi Oknoplast per pi\u00f9 luce e design raffinato. Scopri il progetto e le scelte di interior design.\" \/>\n<meta name=\"robots\" content=\"index, follow, max-snippet:-1, max-image-preview:large, max-video-preview:-1\" \/>\n<link rel=\"canonical\" href=\"https:\/\/www.oknoplast.it\/blog\/appartamento-moderno-luminoso-milano-isola\/\" \/>\n<meta property=\"og:locale\" content=\"it_IT\" \/>\n<meta property=\"og:type\" content=\"article\" \/>\n<meta property=\"og:title\" content=\"Ristrutturazione appartamento a Milano - Oknoplast\" \/>\n<meta property=\"og:description\" content=\"Ristrutturazione elegante e moderna a Isola, Milano, con infissi Oknoplast per pi\u00f9 luce e design raffinato. Scopri il progetto e le scelte di interior design.\" \/>\n<meta property=\"og:url\" content=\"https:\/\/www.oknoplast.it\/blog\/appartamento-moderno-luminoso-milano-isola\/\" \/>\n<meta property=\"og:site_name\" content=\"Blog Oknoplast: notizie e spunti per la casa\" \/>\n<meta property=\"article:published_time\" content=\"2025-02-12T15:53:01+00:00\" \/>\n<meta property=\"article:modified_time\" content=\"2025-02-12T15:53:02+00:00\" \/>\n<meta property=\"og:image\" content=\"https:\/\/www.oknoplast.it\/blog\/wp-content\/uploads\/2025\/02\/Arnaldo-Da-Brescia-23-scaled.jpg\" \/>\n\t<meta property=\"og:image:width\" content=\"2560\" \/>\n\t<meta property=\"og:image:height\" content=\"1707\" \/>\n\t<meta property=\"og:image:type\" content=\"image\/jpeg\" \/>\n<meta name=\"author\" content=\"Oknoplast\" \/>\n<meta name=\"twitter:card\" content=\"summary_large_image\" \/>\n<meta name=\"twitter:label1\" content=\"Scritto da\" \/>\n\t<meta name=\"twitter:data1\" content=\"Oknoplast\" \/>\n\t<meta name=\"twitter:label2\" content=\"Tempo di lettura stimato\" \/>\n\t<meta name=\"twitter:data2\" content=\"5 minuti\" \/>\n<script type=\"application\/ld+json\" class=\"yoast-schema-graph\">{\"@context\":\"https:\/\/schema.org\",\"@graph\":[{\"@type\":\"WebPage\",\"@id\":\"https:\/\/www.oknoplast.it\/blog\/appartamento-moderno-luminoso-milano-isola\/\",\"url\":\"https:\/\/www.oknoplast.it\/blog\/appartamento-moderno-luminoso-milano-isola\/\",\"name\":\"Ristrutturazione appartamento a Milano - Oknoplast\",\"isPartOf\":{\"@id\":\"https:\/\/www.oknoplast.it\/blog\/#website\"},\"datePublished\":\"2025-02-12T15:53:01+00:00\",\"dateModified\":\"2025-02-12T15:53:02+00:00\",\"author\":{\"@id\":\"https:\/\/www.oknoplast.it\/blog\/#\/schema\/person\/f2b983e60b9a9465492e920f96330e15\"},\"description\":\"Ristrutturazione elegante e moderna a Isola, Milano, con infissi Oknoplast per pi\u00f9 luce e design raffinato. Scopri il progetto e le scelte di interior design.\",\"breadcrumb\":{\"@id\":\"https:\/\/www.oknoplast.it\/blog\/appartamento-moderno-luminoso-milano-isola\/#breadcrumb\"},\"inLanguage\":\"it-IT\",\"potentialAction\":[{\"@type\":\"ReadAction\",\"target\":[\"https:\/\/www.oknoplast.it\/blog\/appartamento-moderno-luminoso-milano-isola\/\"]}]},{\"@type\":\"BreadcrumbList\",\"@id\":\"https:\/\/www.oknoplast.it\/blog\/appartamento-moderno-luminoso-milano-isola\/#breadcrumb\",\"itemListElement\":[{\"@type\":\"ListItem\",\"position\":1,\"name\":\"Home\",\"item\":\"https:\/\/www.oknoplast.it\/blog\/\"},{\"@type\":\"ListItem\",\"position\":2,\"name\":\"Appartamento moderno e luminoso nel quartiere Isola di Milano\"}]},{\"@type\":\"WebSite\",\"@id\":\"https:\/\/www.oknoplast.it\/blog\/#website\",\"url\":\"https:\/\/www.oknoplast.it\/blog\/\",\"name\":\"Blog Oknoplast: notizie e spunti per la casa\",\"description\":\"\",\"potentialAction\":[{\"@type\":\"SearchAction\",\"target\":{\"@type\":\"EntryPoint\",\"urlTemplate\":\"https:\/\/www.oknoplast.it\/blog\/?s={search_term_string}\"},\"query-input\":\"required name=search_term_string\"}],\"inLanguage\":\"it-IT\"},{\"@type\":\"Person\",\"@id\":\"https:\/\/www.oknoplast.it\/blog\/#\/schema\/person\/f2b983e60b9a9465492e920f96330e15\",\"name\":\"Oknoplast\",\"image\":{\"@type\":\"ImageObject\",\"inLanguage\":\"it-IT\",\"@id\":\"https:\/\/www.oknoplast.it\/blog\/#\/schema\/person\/image\/\",\"url\":\"https:\/\/secure.gravatar.com\/avatar\/9e39f59851d0bff20ce289c2b20315e5?s=96&d=mm&r=g\",\"contentUrl\":\"https:\/\/secure.gravatar.com\/avatar\/9e39f59851d0bff20ce289c2b20315e5?s=96&d=mm&r=g\",\"caption\":\"Oknoplast\"},\"url\":\"https:\/\/www.oknoplast.it\/blog\/author\/oknoadm\/\"}]}<\/script>\n<!-- \/ Yoast SEO plugin. -->","yoast_head_json":{"title":"Ristrutturazione appartamento a Milano - Oknoplast","description":"Ristrutturazione elegante e moderna a Isola, Milano, con infissi Oknoplast per pi\u00f9 luce e design raffinato. Scopri il progetto e le scelte di interior design.","robots":{"index":"index","follow":"follow","max-snippet":"max-snippet:-1","max-image-preview":"max-image-preview:large","max-video-preview":"max-video-preview:-1"},"canonical":"https:\/\/www.oknoplast.it\/blog\/appartamento-moderno-luminoso-milano-isola\/","og_locale":"it_IT","og_type":"article","og_title":"Ristrutturazione appartamento a Milano - Oknoplast","og_description":"Ristrutturazione elegante e moderna a Isola, Milano, con infissi Oknoplast per pi\u00f9 luce e design raffinato. Scopri il progetto e le scelte di interior design.","og_url":"https:\/\/www.oknoplast.it\/blog\/appartamento-moderno-luminoso-milano-isola\/","og_site_name":"Blog Oknoplast: notizie e spunti per la casa","article_published_time":"2025-02-12T15:53:01+00:00","article_modified_time":"2025-02-12T15:53:02+00:00","og_image":[{"width":2560,"height":1707,"url":"https:\/\/www.oknoplast.it\/blog\/wp-content\/uploads\/2025\/02\/Arnaldo-Da-Brescia-23-scaled.jpg","type":"image\/jpeg"}],"author":"Oknoplast","twitter_card":"summary_large_image","twitter_misc":{"Scritto da":"Oknoplast","Tempo di lettura stimato":"5 minuti"},"schema":{"@context":"https:\/\/schema.org","@graph":[{"@type":"WebPage","@id":"https:\/\/www.oknoplast.it\/blog\/appartamento-moderno-luminoso-milano-isola\/","url":"https:\/\/www.oknoplast.it\/blog\/appartamento-moderno-luminoso-milano-isola\/","name":"Ristrutturazione appartamento a Milano - Oknoplast","isPartOf":{"@id":"https:\/\/www.oknoplast.it\/blog\/#website"},"datePublished":"2025-02-12T15:53:01+00:00","dateModified":"2025-02-12T15:53:02+00:00","author":{"@id":"https:\/\/www.oknoplast.it\/blog\/#\/schema\/person\/f2b983e60b9a9465492e920f96330e15"},"description":"Ristrutturazione elegante e moderna a Isola, Milano, con infissi Oknoplast per pi\u00f9 luce e design raffinato. Scopri il progetto e le scelte di interior design.","breadcrumb":{"@id":"https:\/\/www.oknoplast.it\/blog\/appartamento-moderno-luminoso-milano-isola\/#breadcrumb"},"inLanguage":"it-IT","potentialAction":[{"@type":"ReadAction","target":["https:\/\/www.oknoplast.it\/blog\/appartamento-moderno-luminoso-milano-isola\/"]}]},{"@type":"BreadcrumbList","@id":"https:\/\/www.oknoplast.it\/blog\/appartamento-moderno-luminoso-milano-isola\/#breadcrumb","itemListElement":[{"@type":"ListItem","position":1,"name":"Home","item":"https:\/\/www.oknoplast.it\/blog\/"},{"@type":"ListItem","position":2,"name":"Appartamento moderno e luminoso nel quartiere Isola di Milano"}]},{"@type":"WebSite","@id":"https:\/\/www.oknoplast.it\/blog\/#website","url":"https:\/\/www.oknoplast.it\/blog\/","name":"Blog Oknoplast: notizie e spunti per la casa","description":"","potentialAction":[{"@type":"SearchAction","target":{"@type":"EntryPoint","urlTemplate":"https:\/\/www.oknoplast.it\/blog\/?s={search_term_string}"},"query-input":"required name=search_term_string"}],"inLanguage":"it-IT"},{"@type":"Person","@id":"https:\/\/www.oknoplast.it\/blog\/#\/schema\/person\/f2b983e60b9a9465492e920f96330e15","name":"Oknoplast","image":{"@type":"ImageObject","inLanguage":"it-IT","@id":"https:\/\/www.oknoplast.it\/blog\/#\/schema\/person\/image\/","url":"https:\/\/secure.gravatar.com\/avatar\/9e39f59851d0bff20ce289c2b20315e5?s=96&d=mm&r=g","contentUrl":"https:\/\/secure.gravatar.com\/avatar\/9e39f59851d0bff20ce289c2b20315e5?s=96&d=mm&r=g","caption":"Oknoplast"},"url":"https:\/\/www.oknoplast.it\/blog\/author\/oknoadm\/"}]}},"_links":{"self":[{"href":"https:\/\/www.oknoplast.it\/blog\/wp-json\/wp\/v2\/posts\/11463"}],"collection":[{"href":"https:\/\/www.oknoplast.it\/blog\/wp-json\/wp\/v2\/posts"}],"about":[{"href":"https:\/\/www.oknoplast.it\/blog\/wp-json\/wp\/v2\/types\/post"}],"author":[{"embeddable":true,"href":"https:\/\/www.oknoplast.it\/blog\/wp-json\/wp\/v2\/users\/2"}],"replies":[{"embeddable":true,"href":"https:\/\/www.oknoplast.it\/blog\/wp-json\/wp\/v2\/comments?post=11463"}],"version-history":[{"count":16,"href":"https:\/\/www.oknoplast.it\/blog\/wp-json\/wp\/v2\/posts\/11463\/revisions"}],"predecessor-version":[{"id":11491,"href":"https:\/\/www.oknoplast.it\/blog\/wp-json\/wp\/v2\/posts\/11463\/revisions\/11491"}],"wp:featuredmedia":[{"embeddable":true,"href":"https:\/\/www.oknoplast.it\/blog\/wp-json\/wp\/v2\/media\/11464"}],"wp:attachment":[{"href":"https:\/\/www.oknoplast.it\/blog\/wp-json\/wp\/v2\/media?parent=11463"}],"wp:term":[{"taxonomy":"category","embeddable":true,"href":"https:\/\/www.oknoplast.it\/blog\/wp-json\/wp\/v2\/categories?post=11463"},{"taxonomy":"post_tag","embeddable":true,"href":"https:\/\/www.oknoplast.it\/blog\/wp-json\/wp\/v2\/tags?post=11463"}],"curies":[{"name":"wp","href":"https:\/\/api.w.org\/{rel}","templated":true}]}}